{"id":2889,"date":"2025-03-17T16:58:55","date_gmt":"2025-03-17T15:58:55","guid":{"rendered":"https:\/\/notam.no\/?p=2889"},"modified":"2025-03-26T16:03:57","modified_gmt":"2025-03-26T15:03:57","slug":"eric-lyon-agnes-mathe-youngjae-cho-og-avenar-banfoldi-til-notams-online-spatial-audio-meetup","status":"publish","type":"post","link":"https:\/\/notam.no\/en\/nyheter\/eric-lyon-agnes-mathe-youngjae-cho-og-avenar-banfoldi-til-notams-online-spatial-audio-meetup\/","title":{"rendered":"Eric Lyon, \u00c1gnes M\u00e1th\u00e9, Youngjae Cho and Avenar Banf\u00f6ldi at Notams Online Spatial Audio Meetup \u00a0\u00a0"},"content":{"rendered":"<div data-elementor-type=\"wp-post\" data-elementor-id=\"2889\" class=\"elementor elementor-2889\" data-elementor-post-type=\"post\">\n\t\t\t\t<div class=\"elementor-element elementor-element-17f9d6ed e-flex e-con-boxed e-con e-parent\" data-id=\"17f9d6ed\" data-element_type=\"container\" data-e-type=\"container\">\n\t\t\t\t\t<div class=\"e-con-inner\">\n\t\t\t\t<div class=\"elementor-element elementor-element-752746f2 elementor-widget elementor-widget-text-editor\" data-id=\"752746f2\" data-element_type=\"widget\" data-e-type=\"widget\" data-widget_type=\"text-editor.default\">\n\t\t\t\t<div class=\"elementor-widget-container\">\n\t\t\t\t\t\t\t\t\t\n<p>During Notam's Spatial Audio Meetup on 26 March, Mariam Gviniashvili will be joined by Eric Lyon, \u00c1gnes M\u00e1th\u00e9, Youngjae Cho and Avenar Banf\u00f6ldi.<\/p>\n<p><strong>Eric Lyon - The 2025 Spatial Audio Tidepool<\/strong><br \/>Eric Lyon will present the 2025 Spatial Audio Tidepool. The Spatial Audio Tidepool is a new workshop for immersive sound and music, providing an introduction to the spaces for this type of work at Virginia Tech.\u00a0<\/p>\n\n<p>Eric Lyon is a composer and researcher focusing on digital interventions, post-hierarchies, and the inspiration for performer-based creativity. His signal processing software includes \"FFTease\" and \"LyonPotpourri.\" He is also the author of \"Designing Audio Objects for Max\/MSP and Pd,\" and of \"Automated Sound Design.\"\u00a0<\/p>\n\n<p><a href=\"https:\/\/icat.vt.edu\/projects\/strategic-initiatives\/spaat.html\" target=\"_blank\" rel=\"noopener\">https:\/\/icat.vt.edu\/projects\/strategic-initiatives\/spaat.html<\/a><br \/><a href=\"https:\/\/icat.vt.edu\/studios\/mac\/the-cube.html\" target=\"_blank\" rel=\"noopener\">https:\/\/icat.vt.edu\/studios\/mac\/the-cube.html<\/a><br \/><a href=\"https:\/\/disis.music.vt.edu\/eric\/main\/\" target=\"_blank\" rel=\"noopener\">https:\/\/disis.music.vt.edu\/eric\/main\/<br \/><\/a><\/p>\n\n<p><strong>\u00c1gnes M\u00e1th\u00e9 - Creating distant and approaching movements in audio-spaces<\/strong><br \/>We perceive the movement of sound in space in a complex way. When we regularly hear certain sounds, we learn to associate them with specific objects, and our past experiences guide us to connect these to a way of perceiving space. In electroacoustic music, creating this perception of space is considerably more complicated, as it usually uses sounds that are not so familiar to the listener. In my work, I try to explore these possibilities, focussing on creating distant and close movements in space.<\/p>\n\n<p>\u00c1gnes M\u00e1th\u00e9 holds bachelor's and master's degrees from Electronic Music Media Art, at the Department of Composition of the Liszt Ferenc Academy of Music, in the class of Dr Andrea Szigetv\u00e1ri. She has composed music for documentary films, dance performances, exhibitions, and in 2023 she won a competition for music for the travelling exhibition Glassification. In 2024 she won silver, with her piece \"Interspace\", in the Student 3D Audio Production Competition in the composition\/computer music category.<\/p>\n\n<p><strong>Avenar Banf\u00f6ldi: My connection to the world of spatial sound and live improvisation<\/strong><br \/>In his presentation, Banf\u00f6ldi will address issues related to the notation and visualisation of spatial compositions, the relationship between improvisation and immersive sound, as well as the differences between \"analogue\" spatialisation and Ambisonics.<\/p>\n\n<p>Avenar holds a bachelor's degree from the Franz Liszt Academy of Music in the Electronic Music Media Art department, under the supervision of Dr Andrea Szigetv\u00e1ri. He is currently completing his master's degree in the class of Wolfgang Heiniger at the Hochschule f\u00fcr Musik Hanns Eisler in Berlin. His main fields of interest are Spatial Audio and live improvisation. In his work he combines Hungarian folk instruments with self-developed electronic instruments.<\/p>\n\n<p><a href=\"https:\/\/www.facebook.com\/avenar.banfoldi\" target=\"_blank\" rel=\"noopener\">https:\/\/www.facebook.com\/avenar.banfoldi<\/a><br \/><a href=\"https:\/\/www.instagram.com\/avenarb\" target=\"_blank\" rel=\"noopener\">https:\/\/www.instagram.com\/avenarb<\/a><\/p>\n\n<p><strong>Youngjae Cho - Approaching spatialization methods according to artistic goals<\/strong><br \/>Each spatialisation technique has its own unique characteristics. By understanding the sonic and spatial characteristics of the work to be expressed, and choosing appropriate techniques accordingly, it becomes possible to realise the work more effectively. For this meetup, Cho would like to discuss this topic through examples of his own work, and share some thoughts that have arisen during the composition process.\u00a0<\/p>\n\n<p>Cho's works have been presented at various festivals including DEGEM, ZKM, ICMC, SICMF, NYCEMF, SMC across Germany, France, China, Italy, Ireland, Portugal, USA and Korea. He studied composition in South Korea and with Prof Peter Gahn at the University of Music in Nuremberg. Since 2021, he has been studying electroacoustic composition with Prof Kilian Schwoon at the University of the Arts Bremen.\u00a0<\/p>\n\n<p><a href=\"http:\/\/www.youngjaecho.com\" target=\"_blank\" rel=\"noopener\">www.youngjaecho.com<\/a><\/p>\n\t\t\t\t\t\t\t\t<\/div>\n\t\t\t\t<\/div>\n\t\t<div class=\"elementor-element elementor-element-5e53ee4 e-grid e-con-full e-con e-child\" data-id=\"5e53ee4\" data-element_type=\"container\" data-e-type=\"container\">\n\t\t\t\t<div class=\"elementor-element elementor-element-c2fa728 elementor-widget elementor-widget-image\" data-id=\"c2fa728\" data-element_type=\"widget\" data-e-type=\"widget\" data-widget_type=\"image.default\">\n\t\t\t\t<div class=\"elementor-widget-container\">\n\t\t\t\t\t\t\t\t\t\t\t\t\t\t\t<img decoding=\"async\" src=\"https:\/\/notam.no\/wp-content\/uploads\/2025\/03\/ericlyon-cube-hires-2.jpg\" title=\"\" alt=\"\" loading=\"lazy\" \/>\t\t\t\t\t\t\t\t\t\t\t\t\t\t\t<\/div>\n\t\t\t\t<\/div>\n\t\t\t\t<div class=\"elementor-element elementor-element-423ffad elementor-widget elementor-widget-image\" data-id=\"423ffad\" data-element_type=\"widget\" data-e-type=\"widget\" data-widget_type=\"image.default\">\n\t\t\t\t<div class=\"elementor-widget-container\">\n\t\t\t\t\t\t\t\t\t\t\t\t\t\t\t<img decoding=\"async\" src=\"https:\/\/notam.no\/wp-content\/uploads\/2025\/03\/AgnesMathe-2.jpg\" title=\"\" alt=\"\" loading=\"lazy\" \/>\t\t\t\t\t\t\t\t\t\t\t\t\t\t\t<\/div>\n\t\t\t\t<\/div>\n\t\t\t\t<div class=\"elementor-element elementor-element-43df185 elementor-widget elementor-widget-image\" data-id=\"43df185\" data-element_type=\"widget\" data-e-type=\"widget\" data-widget_type=\"image.default\">\n\t\t\t\t<div class=\"elementor-widget-container\">\n\t\t\t\t\t\t\t\t\t\t\t\t\t\t\t<img decoding=\"async\" src=\"https:\/\/notam.no\/wp-content\/uploads\/2025\/03\/Avenar-Banfoldi_a-photo-of-me-1-2.jpg\" title=\"\" alt=\"\" loading=\"lazy\" \/>\t\t\t\t\t\t\t\t\t\t\t\t\t\t\t<\/div>\n\t\t\t\t<\/div>\n\t\t\t\t<div class=\"elementor-element elementor-element-3e34cd2 elementor-widget elementor-widget-image\" data-id=\"3e34cd2\" data-element_type=\"widget\" data-e-type=\"widget\" data-widget_type=\"image.default\">\n\t\t\t\t<div class=\"elementor-widget-container\">\n\t\t\t\t\t\t\t\t\t\t\t\t\t\t\t<img decoding=\"async\" src=\"https:\/\/notam.no\/wp-content\/uploads\/2025\/03\/YoungjaeCho_portrait-2.jpg\" title=\"\" alt=\"\" loading=\"lazy\" \/>\t\t\t\t\t\t\t\t\t\t\t\t\t\t\t<\/div>\n\t\t\t\t<\/div>\n\t\t\t\t<\/div>\n\t\t\t\t\t<\/div>\n\t\t\t\t<\/div>\n\t\t\t\t<\/div>","protected":false},"excerpt":{"rendered":"<p>Under Notams Spatial Audio Meetup den 26.03 f\u00e5r Mariam Gviniashvili bes\u00f8k av Eric Lyon, \u00c1gnes M\u00e1th\u00e9, Youngjae Cho og Avenar Banf\u00f6ldi. Eric Lyon &#8211; The 2025 Spatial Audio TidepoolEric Lyon vil presentere 2025 Spatial Audio Tidepool. Spatial Audio Tidepool er en ny workshop for omsluttende lyd og musikk, som gir introduksjon til de rommene for [&hellip;]<\/p>\n","protected":false},"author":2,"featured_media":0,"comment_status":"closed","ping_status":"open","sticky":false,"template":"","format":"standard","meta":{"_acf_changed":false,"footnotes":"","_links_to":"","_links_to_target":""},"categories":[6],"tags":[],"class_list":["post-2889","post","type-post","status-publish","format-standard","hentry","category-nyheter"],"acf":[],"publishpress_future_action":{"enabled":false,"date":"2026-05-09 02:49:51","action":"change-status","newStatus":"draft","terms":[],"taxonomy":"category","extraData":[]},"publishpress_future_workflow_manual_trigger":{"enabledWorkflows":[]},"_links":{"self":[{"href":"https:\/\/notam.no\/en\/wp-json\/wp\/v2\/posts\/2889","targetHints":{"allow":["GET"]}}],"collection":[{"href":"https:\/\/notam.no\/en\/wp-json\/wp\/v2\/posts"}],"about":[{"href":"https:\/\/notam.no\/en\/wp-json\/wp\/v2\/types\/post"}],"author":[{"embeddable":true,"href":"https:\/\/notam.no\/en\/wp-json\/wp\/v2\/users\/2"}],"replies":[{"embeddable":true,"href":"https:\/\/notam.no\/en\/wp-json\/wp\/v2\/comments?post=2889"}],"version-history":[{"count":0,"href":"https:\/\/notam.no\/en\/wp-json\/wp\/v2\/posts\/2889\/revisions"}],"wp:attachment":[{"href":"https:\/\/notam.no\/en\/wp-json\/wp\/v2\/media?parent=2889"}],"wp:term":[{"taxonomy":"category","embeddable":true,"href":"https:\/\/notam.no\/en\/wp-json\/wp\/v2\/categories?post=2889"},{"taxonomy":"post_tag","embeddable":true,"href":"https:\/\/notam.no\/en\/wp-json\/wp\/v2\/tags?post=2889"}],"curies":[{"name":"wp","href":"https:\/\/api.w.org\/{rel}","templated":true}]}}